{"id":2813,"date":"2019-09-20T10:45:55","date_gmt":"2019-09-20T08:45:55","guid":{"rendered":"https:\/\/blog.imageaccess.de\/?p=2813"},"modified":"2019-09-20T11:03:58","modified_gmt":"2019-09-20T09:03:58","slug":"2813","status":"publish","type":"post","link":"https:\/\/blog.imageaccess.de\/?p=2813","title":{"rendered":"Scanner Line Up von Image Access auf der Archivistica in Suhl"},"content":{"rendered":"\n<ul class=\"wp-block-gallery columns-3 is-cropped wp-block-gallery-1 is-layout-flex wp-block-gallery-is-layout-flex\"><li class=\"blocks-gallery-item\"><figure><img loading=\"lazy\" decoding=\"async\" width=\"1024\" height=\"768\" src=\"https:\/\/blog.imageaccess.de\/wp-content\/uploads\/2019\/09\/image6-1-1024x768.jpeg\" alt=\"\" data-id=\"2816\" data-link=\"https:\/\/blog.imageaccess.de\/?attachment_id=2816\" class=\"wp-image-2816\" srcset=\"https:\/\/blog.imageaccess.de\/wp-content\/uploads\/2019\/09\/image6-1-1024x768.jpeg 1024w, https:\/\/blog.imageaccess.de\/wp-content\/uploads\/2019\/09\/image6-1-600x450.jpeg 600w, https:\/\/blog.imageaccess.de\/wp-content\/uploads\/2019\/09\/image6-1-768x576.jpeg 768w\" sizes=\"auto, (max-width: 1024px) 100vw, 1024px\" \/><\/figure><\/li><li class=\"blocks-gallery-item\"><figure><img loading=\"lazy\" decoding=\"async\" width=\"1024\" height=\"768\" src=\"https:\/\/blog.imageaccess.de\/wp-content\/uploads\/2019\/09\/image6-1024x768.jpeg\" alt=\"\" data-id=\"2820\" data-link=\"https:\/\/blog.imageaccess.de\/?attachment_id=2820\" class=\"wp-image-2820\" srcset=\"https:\/\/blog.imageaccess.de\/wp-content\/uploads\/2019\/09\/image6-1024x768.jpeg 1024w, https:\/\/blog.imageaccess.de\/wp-content\/uploads\/2019\/09\/image6-600x450.jpeg 600w, https:\/\/blog.imageaccess.de\/wp-content\/uploads\/2019\/09\/image6-768x576.jpeg 768w\" sizes=\"auto, (max-width: 1024px) 100vw, 1024px\" \/><\/figure><\/li><li class=\"blocks-gallery-item\"><figure><img loading=\"lazy\" decoding=\"async\" width=\"1024\" height=\"768\" src=\"https:\/\/blog.imageaccess.de\/wp-content\/uploads\/2019\/09\/image4-1024x768.jpeg\" alt=\"\" data-id=\"2815\" data-link=\"https:\/\/blog.imageaccess.de\/?attachment_id=2815\" class=\"wp-image-2815\" srcset=\"https:\/\/blog.imageaccess.de\/wp-content\/uploads\/2019\/09\/image4-1024x768.jpeg 1024w, https:\/\/blog.imageaccess.de\/wp-content\/uploads\/2019\/09\/image4-600x450.jpeg 600w, https:\/\/blog.imageaccess.de\/wp-content\/uploads\/2019\/09\/image4-768x576.jpeg 768w\" sizes=\"auto, (max-width: 1024px) 100vw, 1024px\" \/><\/figure><\/li><li class=\"blocks-gallery-item\"><figure><img loading=\"lazy\" decoding=\"async\" width=\"1024\" height=\"768\" src=\"https:\/\/blog.imageaccess.de\/wp-content\/uploads\/2019\/09\/IMG-20190917-WA0004_1568965853654-1024x768.jpg\" alt=\"\" data-id=\"2817\" data-link=\"https:\/\/blog.imageaccess.de\/?attachment_id=2817\" class=\"wp-image-2817\" srcset=\"https:\/\/blog.imageaccess.de\/wp-content\/uploads\/2019\/09\/IMG-20190917-WA0004_1568965853654-1024x768.jpg 1024w, https:\/\/blog.imageaccess.de\/wp-content\/uploads\/2019\/09\/IMG-20190917-WA0004_1568965853654-600x450.jpg 600w, https:\/\/blog.imageaccess.de\/wp-content\/uploads\/2019\/09\/IMG-20190917-WA0004_1568965853654-768x576.jpg 768w, https:\/\/blog.imageaccess.de\/wp-content\/uploads\/2019\/09\/IMG-20190917-WA0004_1568965853654.jpg 1600w\" sizes=\"auto, (max-width: 1024px) 100vw, 1024px\" \/><\/figure><\/li><li class=\"blocks-gallery-item\"><figure><img loading=\"lazy\" decoding=\"async\" width=\"1024\" height=\"768\" src=\"https:\/\/blog.imageaccess.de\/wp-content\/uploads\/2019\/09\/IMG-20190917-WA0008_1568965851739-1024x768.jpg\" alt=\"\" data-id=\"2818\" data-link=\"https:\/\/blog.imageaccess.de\/?attachment_id=2818\" class=\"wp-image-2818\" srcset=\"https:\/\/blog.imageaccess.de\/wp-content\/uploads\/2019\/09\/IMG-20190917-WA0008_1568965851739-1024x768.jpg 1024w, https:\/\/blog.imageaccess.de\/wp-content\/uploads\/2019\/09\/IMG-20190917-WA0008_1568965851739-600x450.jpg 600w, https:\/\/blog.imageaccess.de\/wp-content\/uploads\/2019\/09\/IMG-20190917-WA0008_1568965851739-768x576.jpg 768w, https:\/\/blog.imageaccess.de\/wp-content\/uploads\/2019\/09\/IMG-20190917-WA0008_1568965851739.jpg 1600w\" sizes=\"auto, (max-width: 1024px) 100vw, 1024px\" \/><\/figure><\/li><li class=\"blocks-gallery-item\"><figure><img loading=\"lazy\" decoding=\"async\" width=\"1024\" height=\"768\" src=\"https:\/\/blog.imageaccess.de\/wp-content\/uploads\/2019\/09\/image1-1024x768.jpeg\" alt=\"\" data-id=\"2814\" data-link=\"https:\/\/blog.imageaccess.de\/?attachment_id=2814\" class=\"wp-image-2814\" srcset=\"https:\/\/blog.imageaccess.de\/wp-content\/uploads\/2019\/09\/image1-1024x768.jpeg 1024w, https:\/\/blog.imageaccess.de\/wp-content\/uploads\/2019\/09\/image1-600x450.jpeg 600w, https:\/\/blog.imageaccess.de\/wp-content\/uploads\/2019\/09\/image1-768x576.jpeg 768w\" sizes=\"auto, (max-width: 1024px) 100vw, 1024px\" \/><\/figure><\/li><\/ul>\n\n\n\n<p>Der 89. Deutsche Archivtag fand vom 17. &#8211; 19. September 2019 erstmalig im Congress Centrum Suhl statt. Auf der begleitenden <a rel=\"noreferrer noopener\" href=\"https:\/\/www.archivistica.de\/\" target=\"_blank\">Archivistica<\/a>, Europas gr\u00f6\u00dfte Fachmesse f\u00fcr Archivtechnik, pr\u00e4sentierten rund 40 Aussteller ihre Produkte und Innovationen aus den Bereichen Digitalisierung und Fototechnik.<\/p>\n\n\n\n<p>Auf dem Stand von Image Access konnten sich die Besucher von der brillanten Bildqualit\u00e4t des Kunstscanners <a href=\"https:\/\/www.imageaccess.de\/?page=ScannersArt&amp;lang=de\">WideTEK 36ART<\/a> sowie der Aufsichtscanner <a href=\"https:\/\/www.imageaccess.de\/?page=ScannersBE4-SGS-V1-C35&amp;lang=de\">Bookeye 4 V1A-C35<\/a> und <a href=\"https:\/\/www.imageaccess.de\/?page=ScannersBE4-SGS-V2ProfessionalArchive&amp;lang=de\">Bookeye 4 V2 <\/a>\u00fcberzeugen und diese live und in Farbe testen. <\/p>\n\n\n\n<p>Zudem standen den zahlreichen Teilnehmern die Buch- und Flachbettscanner der Partnerfirma <a rel=\"noreferrer noopener\" href=\"https:\/\/www.sma-edocument.com\/de\/startseite.html\" target=\"_blank\">SMA Electronic Document<\/a> zur Verf\u00fcgung.<\/p>\n\n\n\n<p>Image Access sagt &#8220;Herzlichen Dank&#8221; f\u00fcr die vielen guten Gespr\u00e4che und das gro\u00dfe Interesse!<\/p>\n","protected":false},"excerpt":{"rendered":"<p>Der 89. Deutsche Archivtag fand vom 17. &#8211; 19. September 2019 erstmalig im Congress Centrum Suhl statt. Auf der begleitenden Archivistica, Europas gr\u00f6\u00dfte Fachmesse f\u00fcr Archivtechnik, pr\u00e4sentierten rund 40 Aussteller ihre Produkte und Innovationen aus den Bereichen Digitalisierung und Fototechnik. Auf dem Stand von Image Access konnten sich die Besucher [&hellip;]<\/p>\n","protected":false},"author":4,"featured_media":2817,"comment_status":"closed","ping_status":"closed","sticky":false,"template":"","format":"standard","meta":{"footnotes":""},"categories":[3],"tags":[],"class_list":["post-2813","post","type-post","status-publish","format-standard","has-post-thumbnail","hentry","category-events-and-shows"],"_links":{"self":[{"href":"https:\/\/blog.imageaccess.de\/index.php?rest_route=\/wp\/v2\/posts\/2813","targetHints":{"allow":["GET"]}}],"collection":[{"href":"https:\/\/blog.imageaccess.de\/index.php?rest_route=\/wp\/v2\/posts"}],"about":[{"href":"https:\/\/blog.imageaccess.de\/index.php?rest_route=\/wp\/v2\/types\/post"}],"author":[{"embeddable":true,"href":"https:\/\/blog.imageaccess.de\/index.php?rest_route=\/wp\/v2\/users\/4"}],"replies":[{"embeddable":true,"href":"https:\/\/blog.imageaccess.de\/index.php?rest_route=%2Fwp%2Fv2%2Fcomments&post=2813"}],"version-history":[{"count":11,"href":"https:\/\/blog.imageaccess.de\/index.php?rest_route=\/wp\/v2\/posts\/2813\/revisions"}],"predecessor-version":[{"id":2830,"href":"https:\/\/blog.imageaccess.de\/index.php?rest_route=\/wp\/v2\/posts\/2813\/revisions\/2830"}],"wp:featuredmedia":[{"embeddable":true,"href":"https:\/\/blog.imageaccess.de\/index.php?rest_route=\/wp\/v2\/media\/2817"}],"wp:attachment":[{"href":"https:\/\/blog.imageaccess.de\/index.php?rest_route=%2Fwp%2Fv2%2Fmedia&parent=2813"}],"wp:term":[{"taxonomy":"category","embeddable":true,"href":"https:\/\/blog.imageaccess.de\/index.php?rest_route=%2Fwp%2Fv2%2Fcategories&post=2813"},{"taxonomy":"post_tag","embeddable":true,"href":"https:\/\/blog.imageaccess.de\/index.php?rest_route=%2Fwp%2Fv2%2Ftags&post=2813"}],"curies":[{"name":"wp","href":"https:\/\/api.w.org\/{rel}","templated":true}]}}