{"id":4353,"date":"2022-11-17T10:33:43","date_gmt":"2022-11-17T09:33:43","guid":{"rendered":"https:\/\/blog.imageaccess.de\/?p=4353"},"modified":"2022-11-17T10:33:44","modified_gmt":"2022-11-17T09:33:44","slug":"residenzstadt-dresden-begrust-image-access","status":"publish","type":"post","link":"https:\/\/blog.imageaccess.de\/?p=4353","title":{"rendered":"Residenzstadt Dresden begr\u00fc\u00dft Image Access"},"content":{"rendered":"\n<p>Ende letzter Woche tagte Image Access Gesch\u00e4ftsf\u00fchrer R\u00fcdiger Klepsch mit seinem deutschen Vertriebsteam sowie den langj\u00e4hrigen deutschen Vertriebspartnern. Diesmal nicht im Wuppertaler Showroom, sondern in der wundersch\u00f6nen Residenzstadt Dresden. Falk M\u00e4ttig, Gesch\u00e4ftsf\u00fchrer der Acribit GmbH, lud in seine R\u00e4umlichkeiten ein. Einmal im Jahr kommt der Deutschlandvertrieb zusammen, um auf das aktuelle Jahr zur\u00fcckzublicken, sich auszutauschen und \u00fcber aktuelle Fragestellungen zu diskutieren. Auch ein Ausblick auf zuk\u00fcnftige Innovationen und Produkte durfte nicht fehlen.<\/p>\n\n\n\n<p><\/p>\n\n\n\n<figure class=\"wp-block-gallery has-nested-images columns-default is-cropped wp-block-gallery-1 is-layout-flex wp-block-gallery-is-layout-flex\">\n<figure class=\"wp-block-image size-large\"><img loading=\"lazy\" decoding=\"async\" width=\"1024\" height=\"768\" data-id=\"4357\" src=\"https:\/\/blog.imageaccess.de\/wp-content\/uploads\/2022\/11\/IMG_9703-1024x768.jpg\" alt=\"\" class=\"wp-image-4357\" srcset=\"https:\/\/blog.imageaccess.de\/wp-content\/uploads\/2022\/11\/IMG_9703-1024x768.jpg 1024w, https:\/\/blog.imageaccess.de\/wp-content\/uploads\/2022\/11\/IMG_9703-600x450.jpg 600w, https:\/\/blog.imageaccess.de\/wp-content\/uploads\/2022\/11\/IMG_9703-768x576.jpg 768w, https:\/\/blog.imageaccess.de\/wp-content\/uploads\/2022\/11\/IMG_9703-1536x1152.jpg 1536w, https:\/\/blog.imageaccess.de\/wp-content\/uploads\/2022\/11\/IMG_9703-2048x1536.jpg 2048w\" sizes=\"auto, (max-width: 1024px) 100vw, 1024px\" \/><figcaption class=\"wp-element-caption\">Image Access Gesch\u00e4ftsf\u00fchrer R\u00fcdiger Klepsch berichtet <br>\u00fcber Neuigkeiten.<\/figcaption><\/figure>\n\n\n\n<figure class=\"wp-block-image size-large\"><img loading=\"lazy\" decoding=\"async\" width=\"1024\" height=\"768\" data-id=\"4356\" src=\"https:\/\/blog.imageaccess.de\/wp-content\/uploads\/2022\/11\/IMG_9745-1024x768.jpg\" alt=\"\" class=\"wp-image-4356\" srcset=\"https:\/\/blog.imageaccess.de\/wp-content\/uploads\/2022\/11\/IMG_9745-1024x768.jpg 1024w, https:\/\/blog.imageaccess.de\/wp-content\/uploads\/2022\/11\/IMG_9745-600x450.jpg 600w, https:\/\/blog.imageaccess.de\/wp-content\/uploads\/2022\/11\/IMG_9745-768x576.jpg 768w, https:\/\/blog.imageaccess.de\/wp-content\/uploads\/2022\/11\/IMG_9745-1536x1152.jpg 1536w, https:\/\/blog.imageaccess.de\/wp-content\/uploads\/2022\/11\/IMG_9745-2048x1536.jpg 2048w\" sizes=\"auto, (max-width: 1024px) 100vw, 1024px\" \/><figcaption class=\"wp-element-caption\">Austausch und Diskussion in gem\u00fctlicher Runde <br>bei der Acribit GmbH<\/figcaption><\/figure>\n<\/figure>\n\n\n\n<figure class=\"wp-block-gallery has-nested-images columns-default is-cropped wp-block-gallery-2 is-layout-flex wp-block-gallery-is-layout-flex\">\n<figure class=\"wp-block-image size-large\"><img loading=\"lazy\" decoding=\"async\" width=\"1024\" height=\"768\" data-id=\"4354\" src=\"https:\/\/blog.imageaccess.de\/wp-content\/uploads\/2022\/11\/IMG_9707-1024x768.jpg\" alt=\"\" class=\"wp-image-4354\" srcset=\"https:\/\/blog.imageaccess.de\/wp-content\/uploads\/2022\/11\/IMG_9707-1024x768.jpg 1024w, https:\/\/blog.imageaccess.de\/wp-content\/uploads\/2022\/11\/IMG_9707-600x450.jpg 600w, https:\/\/blog.imageaccess.de\/wp-content\/uploads\/2022\/11\/IMG_9707-768x576.jpg 768w, https:\/\/blog.imageaccess.de\/wp-content\/uploads\/2022\/11\/IMG_9707-1536x1152.jpg 1536w, https:\/\/blog.imageaccess.de\/wp-content\/uploads\/2022\/11\/IMG_9707-2048x1536.jpg 2048w\" sizes=\"auto, (max-width: 1024px) 100vw, 1024px\" \/><figcaption class=\"wp-element-caption\">NRW-Vertriebsmanager Alper Alici zeigt neue hybride Scananwendungen<\/figcaption><\/figure>\n\n\n\n<figure class=\"wp-block-image size-large\"><img loading=\"lazy\" decoding=\"async\" width=\"1024\" height=\"768\" data-id=\"4355\" src=\"https:\/\/blog.imageaccess.de\/wp-content\/uploads\/2022\/11\/IMG_3339-1024x768.jpg\" alt=\"\" class=\"wp-image-4355\" srcset=\"https:\/\/blog.imageaccess.de\/wp-content\/uploads\/2022\/11\/IMG_3339-1024x768.jpg 1024w, https:\/\/blog.imageaccess.de\/wp-content\/uploads\/2022\/11\/IMG_3339-600x450.jpg 600w, https:\/\/blog.imageaccess.de\/wp-content\/uploads\/2022\/11\/IMG_3339-768x576.jpg 768w, https:\/\/blog.imageaccess.de\/wp-content\/uploads\/2022\/11\/IMG_3339-1536x1152.jpg 1536w, https:\/\/blog.imageaccess.de\/wp-content\/uploads\/2022\/11\/IMG_3339-2048x1536.jpg 2048w\" sizes=\"auto, (max-width: 1024px) 100vw, 1024px\" \/><figcaption class=\"wp-element-caption\">Abendlicher Ausklang im historischen Fischhaus<\/figcaption><\/figure>\n<\/figure>\n\n\n\n<p><\/p>\n\n\n\n<p>Alper Alici, Vertriebsmanager f\u00fcr NRW, stellte neue hybride Scananwendungen vor, die Image Access in diesem Jahr entwickelt hat. Weitere Einblicke gab es von Partner Heiko Paasch aus dem Norden sowie von Wolfgang Heindl aus dem s\u00fcddeutschen Raum. Auch Peggy Zilian und Ralph Fuchs von der SMA, sowie Bernd Volkmann von der Acribit, durften nicht fehlen. In diesem Jahr lag der Fokus stark auf den <a href=\"https:\/\/www.imageaccess.de\/?page=ScannersBookscanner&amp;lang=de\">Buchscannern<\/a>, da Image Access viele neue Modelle der 5. Generation gelauncht hat. F\u00fcr das leibliche Wohl sorgte im Anschluss ein rustikales Abendessen im historischen Fischhaus.<\/p>\n","protected":false},"excerpt":{"rendered":"<p>Ende letzter Woche tagte Image Access Gesch\u00e4ftsf\u00fchrer R\u00fcdiger Klepsch mit seinem deutschen Vertriebsteam sowie den langj\u00e4hrigen deutschen Vertriebspartnern. Diesmal nicht im Wuppertaler Showroom, sondern in der wundersch\u00f6nen Residenzstadt Dresden. Falk M\u00e4ttig, Gesch\u00e4ftsf\u00fchrer der Acribit GmbH, lud in seine R\u00e4umlichkeiten ein. Einmal im Jahr kommt der Deutschlandvertrieb zusammen, um auf das [&hellip;]<\/p>\n","protected":false},"author":4,"featured_media":4362,"comment_status":"closed","ping_status":"closed","sticky":false,"template":"","format":"standard","meta":{"footnotes":""},"categories":[3],"tags":[],"class_list":["post-4353","post","type-post","status-publish","format-standard","has-post-thumbnail","hentry","category-events-and-shows"],"_links":{"self":[{"href":"https:\/\/blog.imageaccess.de\/index.php?rest_route=\/wp\/v2\/posts\/4353","targetHints":{"allow":["GET"]}}],"collection":[{"href":"https:\/\/blog.imageaccess.de\/index.php?rest_route=\/wp\/v2\/posts"}],"about":[{"href":"https:\/\/blog.imageaccess.de\/index.php?rest_route=\/wp\/v2\/types\/post"}],"author":[{"embeddable":true,"href":"https:\/\/blog.imageaccess.de\/index.php?rest_route=\/wp\/v2\/users\/4"}],"replies":[{"embeddable":true,"href":"https:\/\/blog.imageaccess.de\/index.php?rest_route=%2Fwp%2Fv2%2Fcomments&post=4353"}],"version-history":[{"count":19,"href":"https:\/\/blog.imageaccess.de\/index.php?rest_route=\/wp\/v2\/posts\/4353\/revisions"}],"predecessor-version":[{"id":4377,"href":"https:\/\/blog.imageaccess.de\/index.php?rest_route=\/wp\/v2\/posts\/4353\/revisions\/4377"}],"wp:featuredmedia":[{"embeddable":true,"href":"https:\/\/blog.imageaccess.de\/index.php?rest_route=\/wp\/v2\/media\/4362"}],"wp:attachment":[{"href":"https:\/\/blog.imageaccess.de\/index.php?rest_route=%2Fwp%2Fv2%2Fmedia&parent=4353"}],"wp:term":[{"taxonomy":"category","embeddable":true,"href":"https:\/\/blog.imageaccess.de\/index.php?rest_route=%2Fwp%2Fv2%2Fcategories&post=4353"},{"taxonomy":"post_tag","embeddable":true,"href":"https:\/\/blog.imageaccess.de\/index.php?rest_route=%2Fwp%2Fv2%2Ftags&post=4353"}],"curies":[{"name":"wp","href":"https:\/\/api.w.org\/{rel}","templated":true}]}}