{"id":4729,"date":"2024-07-26T10:33:37","date_gmt":"2024-07-26T08:33:37","guid":{"rendered":"https:\/\/blog.imageaccess.de\/?p=4729"},"modified":"2024-07-26T10:43:52","modified_gmt":"2024-07-26T08:43:52","slug":"widetek-36art-erste-installation-eines-grosformat-kunstscanners-in-puerto-rico","status":"publish","type":"post","link":"https:\/\/blog.imageaccess.de\/?p=4729","title":{"rendered":"WideTEK 36ART \u2013 Erste Installation eines Gro\u00dfformat Kunstscanners in Puerto Rico"},"content":{"rendered":"\n<figure class=\"wp-block-image size-full\"><img loading=\"lazy\" decoding=\"async\" width=\"738\" height=\"492\" src=\"https:\/\/blog.imageaccess.de\/wp-content\/uploads\/2024\/07\/Picture1-1.jpg\" alt=\"\" class=\"wp-image-4726\" srcset=\"https:\/\/blog.imageaccess.de\/wp-content\/uploads\/2024\/07\/Picture1-1.jpg 738w, https:\/\/blog.imageaccess.de\/wp-content\/uploads\/2024\/07\/Picture1-1-600x400.jpg 600w, https:\/\/blog.imageaccess.de\/wp-content\/uploads\/2024\/07\/Picture1-1-360x240.jpg 360w\" sizes=\"auto, (max-width: 738px) 100vw, 738px\" \/><\/figure>\n\n\n\n<p><\/p>\n\n\n\n<p>Ende Mai 2024 wurde der <a href=\"https:\/\/www.imageaccess.de\/?page=ScannersWT36ART-600&amp;lang=de\" data-type=\"link\" data-id=\"https:\/\/www.imageaccess.de\/?page=ScannersWT36ART-600&amp;lang=en\" target=\"_blank\" rel=\"noreferrer noopener\"><strong>WideTEK<sup>\u00ae<\/sup> 36ART<\/strong><\/a> von Image Access im Architektur- und Bauarchiv der Universit\u00e4t von Puerto Rico installiert. Mit Hilfe unseres Distributors in Puerto Rico, Wide Distributors, und der Unterst\u00fctzung unseres Spezialingenieurs Octavio Navarro, Service- und Technischer Support-Manager f\u00fcr die Region, wurde der WideTEK 36ART als L\u00f6sung f\u00fcr das Erhaltungsprojekt der Universit\u00e4t eingef\u00fchrt.<\/p>\n\n\n\n<p>Laut Rektorin Dr. Ang\u00e9lica Varela Llavona: \u201cEs ist das erste Ger\u00e4t seiner Art, das in Puerto Rico installiert wird. Es wird uns erm\u00f6glichen, Pl\u00e4ne aus dem Architektur- und Bauarchiv zu digitalisieren, historische Dokumente, Kunstwerke und Pl\u00e4ne, die das Archiv beherbergt, zu bewahren und den Zugang zu ihnen zu erleichtern. Dar\u00fcber hinaus wird es ein wertvolles Lernwerkzeug f\u00fcr unsere Studenten sein.\u201d<\/p>\n\n\n\n<figure class=\"wp-block-image size-full\"><img loading=\"lazy\" decoding=\"async\" width=\"852\" height=\"568\" src=\"https:\/\/blog.imageaccess.de\/wp-content\/uploads\/2024\/07\/Picture1.jpg\" alt=\"\" class=\"wp-image-4718\" srcset=\"https:\/\/blog.imageaccess.de\/wp-content\/uploads\/2024\/07\/Picture1.jpg 852w, https:\/\/blog.imageaccess.de\/wp-content\/uploads\/2024\/07\/Picture1-600x400.jpg 600w, https:\/\/blog.imageaccess.de\/wp-content\/uploads\/2024\/07\/Picture1-768x512.jpg 768w, https:\/\/blog.imageaccess.de\/wp-content\/uploads\/2024\/07\/Picture1-360x240.jpg 360w\" sizes=\"auto, (max-width: 852px) 100vw, 852px\" \/><figcaption class=\"wp-element-caption\">Vorne von links nach rechts: C\u00e9sar A. Hern\u00e1ndez Alfonzo \u2013 Superintendent des Kapitolbezirks von Puerto Rico und Dr. Ang\u00e9lica Varela Llavona &#8211; Rektorin des R\u00edo Piedras Campus der Universit\u00e4t von Puerto Rico (UPR)<\/figcaption><\/figure>\n\n\n\n<p>Der Koordinator f\u00fcr akademische Computertechnologie, Unterrichtstechnologie und Fernbildung, Luis Ra\u00fal Rodriguez-Matos, kommentierte: &#8220;Wir sch\u00e4tzen die ganze Unterst\u00fctzung, die Sie uns bei der Installation und Inbetriebnahme des Ger\u00e4ts gegeben haben, es hat unsere Erwartungen \u00fcbertroffen und uns erm\u00f6glicht, das Digitalisierungsprojekt des Architektur- und Bauarchivs (AACUPR) mit dem richtigen Fu\u00df zu beginnen.&#8221;<\/p>\n\n\n\n<figure class=\"wp-block-gallery has-nested-images columns-default is-cropped wp-block-gallery-1 is-layout-flex wp-block-gallery-is-layout-flex\">\n<figure class=\"wp-block-image size-full\"><img loading=\"lazy\" decoding=\"async\" width=\"1007\" height=\"671\" data-id=\"4724\" src=\"https:\/\/blog.imageaccess.de\/wp-content\/uploads\/2024\/07\/Picture3.jpg\" alt=\"\" class=\"wp-image-4724\" srcset=\"https:\/\/blog.imageaccess.de\/wp-content\/uploads\/2024\/07\/Picture3.jpg 1007w, https:\/\/blog.imageaccess.de\/wp-content\/uploads\/2024\/07\/Picture3-600x400.jpg 600w, https:\/\/blog.imageaccess.de\/wp-content\/uploads\/2024\/07\/Picture3-768x512.jpg 768w, https:\/\/blog.imageaccess.de\/wp-content\/uploads\/2024\/07\/Picture3-360x240.jpg 360w\" sizes=\"auto, (max-width: 1007px) 100vw, 1007px\" \/><\/figure>\n\n\n\n<figure class=\"wp-block-image size-large\"><img loading=\"lazy\" decoding=\"async\" width=\"1024\" height=\"683\" data-id=\"4725\" src=\"https:\/\/blog.imageaccess.de\/wp-content\/uploads\/2024\/07\/PR-4-1024x683.jpg\" alt=\"\" class=\"wp-image-4725\" srcset=\"https:\/\/blog.imageaccess.de\/wp-content\/uploads\/2024\/07\/PR-4-1024x683.jpg 1024w, https:\/\/blog.imageaccess.de\/wp-content\/uploads\/2024\/07\/PR-4-600x400.jpg 600w, https:\/\/blog.imageaccess.de\/wp-content\/uploads\/2024\/07\/PR-4-768x512.jpg 768w, https:\/\/blog.imageaccess.de\/wp-content\/uploads\/2024\/07\/PR-4-1536x1024.jpg 1536w, https:\/\/blog.imageaccess.de\/wp-content\/uploads\/2024\/07\/PR-4-2048x1366.jpg 2048w, https:\/\/blog.imageaccess.de\/wp-content\/uploads\/2024\/07\/PR-4-360x240.jpg 360w\" sizes=\"auto, (max-width: 1024px) 100vw, 1024px\" \/><\/figure>\n<\/figure>\n\n\n\n<p>Einige der Universit\u00e4ts- und Regierungsbeh\u00f6rden, die uns bei der Veranstaltung begleiteten, waren:<\/p>\n\n\n\n<p>1. C\u00e9sar A. Hern\u00e1ndez Alfonzo \u2013 Superintendent des Kapitolbezirks von Puerto Rico<\/p>\n\n\n\n<p>2. Dr. Ang\u00e9lica Varela Llavona &#8211; Rektorin des R\u00edo Piedras Campus der Universit\u00e4t von Puerto Rico (UPR)<\/p>\n\n\n\n<p>3. Dr. Mayra Jim\u00e9nez Montano &#8211; ehemalige Dekanin der Architekturschule der UPR und jetzt Sonderassistentin f\u00fcr Infrastruktur des R\u00edo Piedras Campus der UPR<\/p>\n\n\n\n<p>4. Dr. Ana Georas Santos &#8211; Dekanin der Architekturschule der UPR<\/p>\n\n\n\n<p>5. Dr. Jorge Lizardi Pollock &#8211; Forschungsleiter des Architektur- und Bauarchivs<\/p>\n\n\n\n<p><\/p>\n\n\n\n<p>Vielen Dank an die Universit\u00e4t von Puerto Rico (UPR) f\u00fcr ihr Interesse an Image Access Scannern und deren Implementierung als L\u00f6sungen f\u00fcr ihr interessantes Erhaltungsprojekt.<\/p>\n\n\n\n<p><\/p>\n","protected":false},"excerpt":{"rendered":"<p>Ende Mai 2024 wurde der WideTEK\u00ae 36ART von Image Access im Architektur- und Bauarchiv der Universit\u00e4t von Puerto Rico installiert. Mit Hilfe unseres Distributors in Puerto Rico, Wide Distributors, und der Unterst\u00fctzung unseres Spezialingenieurs Octavio Navarro, Service- und Technischer Support-Manager f\u00fcr die Region, wurde der WideTEK 36ART als L\u00f6sung f\u00fcr [&hellip;]<\/p>\n","protected":false},"author":9,"featured_media":0,"comment_status":"closed","ping_status":"closed","sticky":false,"template":"","format":"standard","meta":{"footnotes":""},"categories":[6,3,49,4],"tags":[71],"class_list":["post-4729","post","type-post","status-publish","format-standard","hentry","category-art-scanner","category-events-and-shows","category-success-story","category-widetek","tag-kunstscanner"],"_links":{"self":[{"href":"https:\/\/blog.imageaccess.de\/index.php?rest_route=\/wp\/v2\/posts\/4729","targetHints":{"allow":["GET"]}}],"collection":[{"href":"https:\/\/blog.imageaccess.de\/index.php?rest_route=\/wp\/v2\/posts"}],"about":[{"href":"https:\/\/blog.imageaccess.de\/index.php?rest_route=\/wp\/v2\/types\/post"}],"author":[{"embeddable":true,"href":"https:\/\/blog.imageaccess.de\/index.php?rest_route=\/wp\/v2\/users\/9"}],"replies":[{"embeddable":true,"href":"https:\/\/blog.imageaccess.de\/index.php?rest_route=%2Fwp%2Fv2%2Fcomments&post=4729"}],"version-history":[{"count":2,"href":"https:\/\/blog.imageaccess.de\/index.php?rest_route=\/wp\/v2\/posts\/4729\/revisions"}],"predecessor-version":[{"id":4731,"href":"https:\/\/blog.imageaccess.de\/index.php?rest_route=\/wp\/v2\/posts\/4729\/revisions\/4731"}],"wp:attachment":[{"href":"https:\/\/blog.imageaccess.de\/index.php?rest_route=%2Fwp%2Fv2%2Fmedia&parent=4729"}],"wp:term":[{"taxonomy":"category","embeddable":true,"href":"https:\/\/blog.imageaccess.de\/index.php?rest_route=%2Fwp%2Fv2%2Fcategories&post=4729"},{"taxonomy":"post_tag","embeddable":true,"href":"https:\/\/blog.imageaccess.de\/index.php?rest_route=%2Fwp%2Fv2%2Ftags&post=4729"}],"curies":[{"name":"wp","href":"https:\/\/api.w.org\/{rel}","templated":true}]}}