{"id":493,"date":"2018-02-28T11:41:05","date_gmt":"2018-02-28T10:41:05","guid":{"rendered":"https:\/\/blog.imageaccess.de\/?p=493"},"modified":"2018-03-23T12:00:49","modified_gmt":"2018-03-23T11:00:49","slug":"image-access-begeisterte-auf-der-inetbib-odok-in-wien","status":"publish","type":"post","link":"https:\/\/blog.imageaccess.de\/?p=493","title":{"rendered":"Image Access begeisterte auf der InetBib-ODOK in Wien"},"content":{"rendered":"<div id=\"attachment_512\" style=\"width: 405px\" class=\"wp-caption alignright\"><img loading=\"lazy\" decoding=\"async\" aria-describedby=\"caption-attachment-512\" src=\"https:\/\/blog.imageaccess.de\/wp-content\/uploads\/2018\/02\/InetBIB-ODOK.png\" alt=\"\" class=\"wp-image-512\" width=\"395\" height=\"226\" \/><p id=\"caption-attachment-512\" class=\"wp-caption-text\">Walter Hicker (rechts), ImageWare, erkl\u00e4rt den Bookeye 4 V3<\/p><\/div>\n<p style=\"text-align: left;\">Vom 21.- 23. Februar pr\u00e4sentierte Image Access gemeinsam mit Partnerunternehmen <a href=\"https:\/\/imagewarescanner.com\/\" title=\"Partner f\u00fcr Digitalisierung und digitale Archivierung\" target=\"_blank\" rel=\"noopener\">ImageWare Austria\u00a0<\/a>auf der InetBib-ODOK im Juridicum der Universit\u00e4t Wien die aktuellen Modelle der Bookeye<sup>\u00ae<\/sup> Aufsichtscanner und der WideTEK<sup>\u00ae<\/sup> Flachbettscanner. Dazu geh\u00f6rte der <a href=\"https:\/\/www.imageaccess.de\/?page=ScannersBE4-SGS-V3Kiosk&amp;lang=de\" title=\"Buchscanner im Selbstbedienungsbereich f\u00fcr Formate bis A3+\" target=\"_blank\" rel=\"noopener\">Bookeye<sup>\u00ae<\/sup> 4 V3<\/a>, der<br \/>\n<a href=\"https:\/\/www.imageaccess.de\/?page=ScannersBE4-SGS-V2ProfessionalArchive&amp;lang=de\" title=\"Aufsichtsscanner f\u00fcr Formate bis DIN A2+ und Digitalisierungsprojekte hoher Qualit\u00e4t\/maximale Produktivit\u00e4t\" target=\"_blank\" rel=\"noopener\">Bookeye<sup>\u00ae<\/sup> 4 V2<\/a> Professional Archive sowie der <a href=\"https:\/\/www.imageaccess.de\/?page=ScannersWT25-650TechDat&amp;lang=de\" title=\"Farb-Gro\u00dfformatscanner mit optionaler Durchlichteinheit f\u00fcr transparente Vorlagen \" target=\"_blank\" rel=\"noopener\">WideTEK<sup>\u00ae<\/sup> 25-650. <\/a>Im Rahmen des von Image Access gesponserten Sektempfangs, begr\u00fc\u00dften Thorsten Rink und die Organisatoren am ersten Abend der Veranstaltung die Teilnehmer.<\/p>\n<p><img loading=\"lazy\" decoding=\"async\" src=\"https:\/\/blog.imageaccess.de\/wp-content\/uploads\/2018\/02\/Bild4-1.jpg\" alt=\"\" class=\"alignnone wp-image-496\" width=\"336\" height=\"252\" \/> \u00a0 \u00a0 \u00a0 \u00a0 <img loading=\"lazy\" decoding=\"async\" src=\"https:\/\/blog.imageaccess.de\/wp-content\/uploads\/2018\/02\/Bild6a.jpg\" alt=\"\" class=\"alignnone wp-image-498\" width=\"333\" height=\"250\" \/><\/p>\n<div id=\"attachment_513\" style=\"width: 438px\" class=\"wp-caption aligncenter\"><img loading=\"lazy\" decoding=\"async\" aria-describedby=\"caption-attachment-513\" src=\"https:\/\/blog.imageaccess.de\/wp-content\/uploads\/2018\/02\/InetBIB-ODOK_2.png\" alt=\"\" class=\"wp-image-513\" width=\"428\" height=\"265\" \/><p id=\"caption-attachment-513\" class=\"wp-caption-text\">Von links: Martin Kreinz \u2013 Universit\u00e4tsbibliothek Graz, Thorsten Rink \u2013 Image Access GmbH und Michael Schaarw\u00e4chter \u2013 Universit\u00e4tsbibliothek Dortmund, begr\u00fc\u00dfen die Teilnehmer<\/p><\/div>\n<p>Die 14. <a href=\"http:\/\/www.inetbib.de\/\">InetBib-Tagung<\/a> fand mit dem 17. \u00d6sterreichischem Online-Informationstreffen (ODOK) statt. Die alle zwei Jahre stattfindende <a href=\"http:\/\/www.odok.at\/de\/\" title=\"Tagung der V\u00d6B und \u00d6GDI\" target=\"_blank\" rel=\"noopener\">ODOK<\/a> \u2013 \u00f6sterreichisches Online-Informationstreffen und \u00d6sterreichischer DOKumentartag \u2013 ist eine \u00f6sterreichische bibliothekarische Veranstaltung, die alternierend mit dem Bibliothekartag organisiert wird und etwa die gleiche Zielgruppe hat wie InetBib.<\/p>\n<p>&nbsp;<\/p>\n","protected":false},"excerpt":{"rendered":"<p>Vom 21.- 23. Februar pr\u00e4sentierte Image Access gemeinsam mit Partnerunternehmen ImageWare Austria\u00a0auf der InetBib-ODOK im Juridicum der Universit\u00e4t Wien die aktuellen Modelle der Bookeye\u00ae Aufsichtscanner und der WideTEK\u00ae Flachbettscanner. Dazu geh\u00f6rte der Bookeye\u00ae 4 V3, der Bookeye\u00ae 4 V2 Professional Archive sowie der WideTEK\u00ae 25-650. Im Rahmen des von Image [&hellip;]<\/p>\n","protected":false},"author":4,"featured_media":512,"comment_status":"closed","ping_status":"closed","sticky":false,"template":"","format":"standard","meta":{"footnotes":""},"categories":[3],"tags":[],"class_list":["post-493","post","type-post","status-publish","format-standard","has-post-thumbnail","hentry","category-events-and-shows"],"_links":{"self":[{"href":"https:\/\/blog.imageaccess.de\/index.php?rest_route=\/wp\/v2\/posts\/493","targetHints":{"allow":["GET"]}}],"collection":[{"href":"https:\/\/blog.imageaccess.de\/index.php?rest_route=\/wp\/v2\/posts"}],"about":[{"href":"https:\/\/blog.imageaccess.de\/index.php?rest_route=\/wp\/v2\/types\/post"}],"author":[{"embeddable":true,"href":"https:\/\/blog.imageaccess.de\/index.php?rest_route=\/wp\/v2\/users\/4"}],"replies":[{"embeddable":true,"href":"https:\/\/blog.imageaccess.de\/index.php?rest_route=%2Fwp%2Fv2%2Fcomments&post=493"}],"version-history":[{"count":67,"href":"https:\/\/blog.imageaccess.de\/index.php?rest_route=\/wp\/v2\/posts\/493\/revisions"}],"predecessor-version":[{"id":627,"href":"https:\/\/blog.imageaccess.de\/index.php?rest_route=\/wp\/v2\/posts\/493\/revisions\/627"}],"wp:featuredmedia":[{"embeddable":true,"href":"https:\/\/blog.imageaccess.de\/index.php?rest_route=\/wp\/v2\/media\/512"}],"wp:attachment":[{"href":"https:\/\/blog.imageaccess.de\/index.php?rest_route=%2Fwp%2Fv2%2Fmedia&parent=493"}],"wp:term":[{"taxonomy":"category","embeddable":true,"href":"https:\/\/blog.imageaccess.de\/index.php?rest_route=%2Fwp%2Fv2%2Fcategories&post=493"},{"taxonomy":"post_tag","embeddable":true,"href":"https:\/\/blog.imageaccess.de\/index.php?rest_route=%2Fwp%2Fv2%2Ftags&post=493"}],"curies":[{"name":"wp","href":"https:\/\/api.w.org\/{rel}","templated":true}]}}